{"id":761,"date":"2020-12-26T23:08:22","date_gmt":"2020-12-26T23:08:22","guid":{"rendered":"https:\/\/parohia-ortodoxa-greifswald.de\/?p=761"},"modified":"2021-03-08T08:53:27","modified_gmt":"2021-03-08T08:53:27","slug":"soborul-maicii-domnului-26-12-2020","status":"publish","type":"post","link":"https:\/\/parohia-ortodoxa-rostock.de\/ro\/2020\/12\/26\/soborul-maicii-domnului-26-12-2020\/","title":{"rendered":"Soborul Maicii Domnului"},"content":{"rendered":"\n<figure class=\"wp-block-audio\"><audio controls src=\"https:\/\/parohia-ortodoxa-greifswald.de\/wp-content\/uploads\/2020\/12\/Soborul-Maicii-Domnului-26.12.20.mp3\"><\/audio><figcaption><strong><em>Ev. Matei 2: 13-23<\/em><\/strong><\/figcaption><\/figure>\n\n\n\n<p class=\"has-drop-cap\">Dup\u0103 plecarea magilor, iat\u0103, \u00eengerul Domnului se ar\u0103t\u0103 \u00een vis lui Iosif, zic\u00e2nd: Scoal\u0103-te, ia Pruncul \u0219i pe Mama Sa, fugi \u00een Egipt \u0219i stai acolo p\u00e2n\u0103 ce-\u021bi voi spune, fiindc\u0103 Irod va c\u0103uta Pruncul ca s\u0103-L omoare. Iar el, scul\u00e2ndu-se, a luat noaptea Pruncul \u0219i pe Mama Sa \u0219i au plecat \u00een Egipt. \u0218i au stat acolo p\u00e2n\u0103 la moartea lui Irod, ca s\u0103 se \u00eemplineasc\u0103 cuv\u00e2ntul spus de Domnul prin prorocul: \u00abDin Egipt am chemat pe Fiul Meu\u00bb. Iar c\u00e2nd Irod a v\u0103zut c\u0103 a fost am\u0103git de magi, s-a m\u00e2niat foarte tare \u0219i, trimi\u021b\u00e2nd, a ucis pe to\u021bi pruncii care erau \u00een Betleem \u0219i \u00een toate hotarele lui, de doi ani \u0219i mai \u00een jos, dup\u0103 timpul pe care \u00eel aflase de la magi. Atunci s-a \u00eemplinit ceea ce se spusese prin Ieremia Prorocul: \u00abGlas \u00een Rama s-a auzit, pl\u00e2ngere \u0219i t\u00e2nguire mult\u0103; Rahela \u00ee\u0219i pl\u00e2nge copiii \u0219i nu voie\u0219te s\u0103 fie m\u00e2ng\u00e2iat\u0103, pentru c\u0103 ei nu mai sunt\u00bb. Dup\u0103 moartea lui Irod, iat\u0103 c\u0103 \u00eengerul Domnului s-a ar\u0103tat \u00een vis lui Iosif, \u00een Egipt, \u0219i i-a zis: Scoal\u0103-te, ia Pruncul \u0219i pe Mama Sa \u0219i mergi \u00een p\u0103m\u00e2ntul lui Israel, c\u0103ci au murit cei ce c\u0103utau s\u0103 ia via\u021ba Pruncului. Iosif, scul\u00e2ndu-se, a luat Pruncul \u0219i pe Mama Sa \u0219i au venit \u00een p\u0103m\u00e2ntul lui Israel. Dar auzind c\u0103 domne\u0219te Arhelau \u00een Iudeea, \u00een locul lui Irod, tat\u0103l s\u0103u, Iosif s-a temut s\u0103 mearg\u0103 acolo \u0219i, lu\u00e2nd porunc\u0103 \u00een vis, s-a dus \u00een p\u0103r\u021bile Galileei. \u0218i, venind, a locuit \u00een ora\u0219ul numit Nazaret, ca s\u0103 se \u00eemplineasc\u0103 ceea ce s-a spus prin proroci, c\u0103 Nazarinean Se va chema.<\/p>\n\n\n\n<p class=\"has-small-font-size\">sursa text: doxologia.ro; sursa imagine: days.pravoslavie.ru<\/p>\n","protected":false},"excerpt":{"rendered":"<p>Dup\u0103 plecarea magilor, iat\u0103, \u00eengerul Domnului se ar\u0103t\u0103 \u00een vis lui Iosif, zic\u00e2nd: Scoal\u0103-te, ia Pruncul \u0219i pe Mama Sa, fugi \u00een Egipt \u0219i stai acolo p\u00e2n\u0103 ce-\u021bi voi spune, [&hellip;]<\/p>\n","protected":false},"author":1,"featured_media":793,"comment_status":"closed","ping_status":"open","sticky":false,"template":"","format":"standard","meta":{"h5ap_radio_sources":[],"footnotes":""},"categories":[13],"tags":[41],"class_list":["post-761","post","type-post","status-publish","format-standard","has-post-thumbnail","hentry","category-sfanta-liturghie","tag-soborul-maicii-domnului"],"_links":{"self":[{"href":"https:\/\/parohia-ortodoxa-rostock.de\/ro\/wp-json\/wp\/v2\/posts\/761","targetHints":{"allow":["GET"]}}],"collection":[{"href":"https:\/\/parohia-ortodoxa-rostock.de\/ro\/wp-json\/wp\/v2\/posts"}],"about":[{"href":"https:\/\/parohia-ortodoxa-rostock.de\/ro\/wp-json\/wp\/v2\/types\/post"}],"author":[{"embeddable":true,"href":"https:\/\/parohia-ortodoxa-rostock.de\/ro\/wp-json\/wp\/v2\/users\/1"}],"replies":[{"embeddable":true,"href":"https:\/\/parohia-ortodoxa-rostock.de\/ro\/wp-json\/wp\/v2\/comments?post=761"}],"version-history":[{"count":5,"href":"https:\/\/parohia-ortodoxa-rostock.de\/ro\/wp-json\/wp\/v2\/posts\/761\/revisions"}],"predecessor-version":[{"id":1061,"href":"https:\/\/parohia-ortodoxa-rostock.de\/ro\/wp-json\/wp\/v2\/posts\/761\/revisions\/1061"}],"wp:featuredmedia":[{"embeddable":true,"href":"https:\/\/parohia-ortodoxa-rostock.de\/ro\/wp-json\/wp\/v2\/media\/793"}],"wp:attachment":[{"href":"https:\/\/parohia-ortodoxa-rostock.de\/ro\/wp-json\/wp\/v2\/media?parent=761"}],"wp:term":[{"taxonomy":"category","embeddable":true,"href":"https:\/\/parohia-ortodoxa-rostock.de\/ro\/wp-json\/wp\/v2\/categories?post=761"},{"taxonomy":"post_tag","embeddable":true,"href":"https:\/\/parohia-ortodoxa-rostock.de\/ro\/wp-json\/wp\/v2\/tags?post=761"}],"curies":[{"name":"wp","href":"https:\/\/api.w.org\/{rel}","templated":true}]}}