{"id":614,"date":"2020-11-08T23:51:04","date_gmt":"2020-11-08T23:51:04","guid":{"rendered":"https:\/\/parohia-ortodoxa-greifswald.de\/?p=614"},"modified":"2020-11-12T15:26:34","modified_gmt":"2020-11-12T15:26:34","slug":"invierea-fiicei-lui-iair","status":"publish","type":"post","link":"https:\/\/parohia-ortodoxa-rostock.de\/ro\/2020\/11\/08\/invierea-fiicei-lui-iair\/","title":{"rendered":"Invierea fiicei lui Iair"},"content":{"rendered":"\n<figure class=\"wp-block-audio\"><audio controls src=\"https:\/\/parohia-ortodoxa-greifswald.de\/wp-content\/uploads\/2020\/11\/Invierea-fiicei-lui-Iair-08.11.20.mp3\"><\/audio><\/figure>\n\n\n\n<p>Sf\u00e2nta Evanghelie dup\u0103 <strong>Luca 8:41-56<\/strong> : <\/p>\n\n\n\n<p class=\"has-drop-cap\">\u00cen vremea aceea a venit la Iisus un om al c\u0103rui nume era Iair \u0219i care era mai-marele sinagogii. \u0218i, c\u0103z\u00e2nd la picioarele lui Iisus, \u00ceI ruga s\u0103 intre \u00een casa lui, c\u0103 numai o fiic\u0103 avea, ca de doisprezece ani, \u0219i ea era pe moarte. Iar, pe c\u00e2nd se ducea Iisus \u0219i mul\u021bimile \u00eel \u00eempresurau, o femeie, care de doisprezece ani avea curgere de s\u00e2nge \u0219i cheltuise cu doctorii toat\u0103 averea ei \u0219i de nici unul n-a putut s\u0103 fie vindecat\u0103, apropiindu-se pe la spate, s-a atins de poala hainei Lui \u0219i \u00eendat\u0103 s-a oprit curgerea s\u00e2ngelui ei. \u0218i a zis Iisus: Cine s-a atins de Mine? Dar to\u021bi t\u0103g\u0103duind, Petru \u0219i ceilal\u021bi care erau cu El au zis: \u00cenv\u0103\u021b\u0103torule, mul\u021bimile Te \u00eembulzesc \u0219i Te str\u00e2mtoreaz\u0103, \u0219i Tu \u00eentrebi: Cine s-a atins de Mine? Iar Iisus a zis: S-a atins de Mine cineva, c\u0103ci am sim\u021bit o putere care a ie\u0219it din Mine. Atunci femeia, v\u0103z\u00e2ndu-se v\u0103dit\u0103, a venit tremur\u00e2nd \u0219i, c\u0103z\u00e2nd \u00eenaintea Lui, a spus de fa\u021b\u0103 cu tot poporul din ce pricin\u0103 s-a atins de El \u0219i cum s-a t\u0103m\u0103duit \u00eendat\u0103. Iar El i-a zis: \u00cendr\u0103zne\u0219te, fiic\u0103, credin\u021ba ta te-a m\u00e2ntuit. Mergi \u00een pace! Pe c\u00e2nd \u00eenc\u0103 vorbea El, a venit cineva de la mai-marele sinagogii, zic\u00e2nd: A murit fiica ta. Nu mai sup\u0103ra pe \u00eenv\u0103\u021b\u0103torul. Dar Iisus, auzind, i-a r\u0103spuns: Nu te teme; crede numai \u0219i se va izb\u0103vi. \u0218i, venind \u00een cas\u0103, n-a l\u0103sat pe nimeni s\u0103 intre cu El dec\u00e2t numai pe Petru, pe Ioan \u0219i pe Iacov, pe tat\u0103l copilei \u0219i pe mam\u0103. \u0218i to\u021bi pl\u00e2ngeau \u0219i se t\u00e2nguiau pentru ea. Iar El a zis: Nu pl\u00e2nge\u021bi; n-a murit, ci doarme. \u0218i r\u00e2deau de El, \u0219tiind c\u0103 a murit. Iar El, sco\u021b\u00e2nd pe to\u021bi afar\u0103 \u0219i apuc\u00e2nd-o de m\u00e2n\u0103, a strigat, zic\u00e2nd: Copil\u0103, scoal\u0103-te! \u0218i duhul ei s-a \u00eentors \u0219i a \u00eenviat \u00eendat\u0103; \u0219i a poruncit El s\u0103 i se dea copilei s\u0103 m\u0103n\u00e2nce. \u0218i au r\u0103mas uimi\u021bi p\u0103rin\u021bii ei. Iar El le-a poruncit s\u0103 nu spun\u0103 nim\u0103nui ce s-a \u00eent\u00e2mplat.<\/p>\n\n\n\n<p class=\"has-small-font-size\">sursa text: doxologia.ro; sursa imagine: ziarullumina.ro<\/p>\n","protected":false},"excerpt":{"rendered":"<p>Sf\u00e2nta Evanghelie dup\u0103 Luca 8:41-56 : \u00cen vremea aceea a venit la Iisus un om al c\u0103rui nume era Iair \u0219i care era mai-marele sinagogii. \u0218i, c\u0103z\u00e2nd la picioarele lui [&hellip;]<\/p>\n","protected":false},"author":1,"featured_media":615,"comment_status":"closed","ping_status":"open","sticky":false,"template":"","format":"standard","meta":{"h5ap_radio_sources":[],"footnotes":""},"categories":[13],"tags":[31,14],"class_list":["post-614","post","type-post","status-publish","format-standard","has-post-thumbnail","hentry","category-sfanta-liturghie","tag-fiica-lui-iair","tag-inviere"],"_links":{"self":[{"href":"https:\/\/parohia-ortodoxa-rostock.de\/ro\/wp-json\/wp\/v2\/posts\/614","targetHints":{"allow":["GET"]}}],"collection":[{"href":"https:\/\/parohia-ortodoxa-rostock.de\/ro\/wp-json\/wp\/v2\/posts"}],"about":[{"href":"https:\/\/parohia-ortodoxa-rostock.de\/ro\/wp-json\/wp\/v2\/types\/post"}],"author":[{"embeddable":true,"href":"https:\/\/parohia-ortodoxa-rostock.de\/ro\/wp-json\/wp\/v2\/users\/1"}],"replies":[{"embeddable":true,"href":"https:\/\/parohia-ortodoxa-rostock.de\/ro\/wp-json\/wp\/v2\/comments?post=614"}],"version-history":[{"count":2,"href":"https:\/\/parohia-ortodoxa-rostock.de\/ro\/wp-json\/wp\/v2\/posts\/614\/revisions"}],"predecessor-version":[{"id":666,"href":"https:\/\/parohia-ortodoxa-rostock.de\/ro\/wp-json\/wp\/v2\/posts\/614\/revisions\/666"}],"wp:featuredmedia":[{"embeddable":true,"href":"https:\/\/parohia-ortodoxa-rostock.de\/ro\/wp-json\/wp\/v2\/media\/615"}],"wp:attachment":[{"href":"https:\/\/parohia-ortodoxa-rostock.de\/ro\/wp-json\/wp\/v2\/media?parent=614"}],"wp:term":[{"taxonomy":"category","embeddable":true,"href":"https:\/\/parohia-ortodoxa-rostock.de\/ro\/wp-json\/wp\/v2\/categories?post=614"},{"taxonomy":"post_tag","embeddable":true,"href":"https:\/\/parohia-ortodoxa-rostock.de\/ro\/wp-json\/wp\/v2\/tags?post=614"}],"curies":[{"name":"wp","href":"https:\/\/api.w.org\/{rel}","templated":true}]}}