{"id":1555,"date":"2021-11-06T16:07:28","date_gmt":"2021-11-06T16:07:28","guid":{"rendered":"https:\/\/parohia-ortodoxa-greifswald.de\/?p=1555"},"modified":"2021-11-06T16:07:58","modified_gmt":"2021-11-06T16:07:58","slug":"vino-dupa-mine","status":"publish","type":"post","link":"https:\/\/parohia-ortodoxa-rostock.de\/ro\/2021\/11\/06\/vino-dupa-mine\/","title":{"rendered":"Vino dup\u0103 Mine"},"content":{"rendered":"\n<figure class=\"wp-block-audio\"><audio controls src=\"https:\/\/parohia-ortodoxa-greifswald.de\/wp-content\/uploads\/2021\/11\/Pavel_1_.mp3\"><\/audio><figcaption>\u00cen vremea aceea, trec\u00e2nd, Iisus a v\u0103zut un vame\u0219, cu numele Levi, care \u0219edea la vam\u0103, \u0219i i-a zis: Vino dup\u0103 Mine! Atunci, l\u0103s\u00e2nd toate, el s-a ridicat \u0219i a mers dup\u0103 El. \u0218i I-a f\u0103cut Levi un osp\u0103\u021b mare \u00een casa lui. \u0218i era mul\u021bime mare de vame\u0219i \u0219i de al\u021bii care \u0219edeau cu ei la mas\u0103. Dar fariseii \u0219i c\u0103rturarii lor murmurau c\u0103tre ucenicii Lui, zic\u00e2nd: De ce m\u00e2nca\u021bi \u0219i be\u021bi \u00eempreun\u0103 cu vame\u0219ii \u0219i cu p\u0103c\u0103to\u0219ii? Iar lisus, r\u0103spunz\u00e2nd, a zis c\u0103tre ei: N-au trebuin\u021b\u0103 de doctor cei s\u0103n\u0103to\u0219i, ci cei bolnavi. C\u0103ci n-am venit s\u0103 chem pe cei drep\u021bi, ci pe cei p\u0103c\u0103to\u0219i la poc\u0103in\u021b\u0103. Lc. 5, 27-32<\/figcaption><\/figure>\n\n\n\n<p>Zis-a Domnul c\u0103tre ucenicii S\u0103i: oricine va m\u0103rturisi pentru Mine \u00eenaintea oamenilor, \u015fi Fiul Omului va m\u0103rturisi pentru el \u00eenaintea \u00eengerilor lui Dumnezeu. Iar cel care se va lep\u0103da de Mine \u00eenaintea oamenilor lep\u0103dat va fi \u00een fa\u0163a \u00eengerilor lui Dumnezeu. Oricui va zice vreun cuv\u00e2nt \u00eempotriva Fiului Omului, i se va ierta lui; dar celui care va gr\u0103i blasfemii \u00eempotriva Duhului Sf\u00e2nt, aceluia nu i se va ierta. Iar c\u00e2nd v\u0103 vor duce \u00een sinagogi la st\u0103p\u00e2nitori, nu v\u0103 \u00eengriji\u0163i cum, sau ce ve\u0163i r\u0103spunde, sau ce ve\u0163i zice, pentru c\u0103 Duhul Sf\u00e2nt v\u0103 va \u00eenv\u0103\u0163a, chiar \u00een ceasul acela ce trebuie s\u0103 spune\u0163i. Lc. 12, 8-12<\/p>\n","protected":false},"excerpt":{"rendered":"<p>Zis-a Domnul c\u0103tre ucenicii S\u0103i: oricine va m\u0103rturisi pentru Mine \u00eenaintea oamenilor, \u015fi Fiul Omului va m\u0103rturisi pentru el \u00eenaintea \u00eengerilor lui Dumnezeu. Iar cel care se va lep\u0103da de [&hellip;]<\/p>\n","protected":false},"author":1,"featured_media":0,"comment_status":"closed","ping_status":"open","sticky":false,"template":"","format":"standard","meta":{"h5ap_radio_sources":[],"footnotes":""},"categories":[13],"tags":[],"class_list":["post-1555","post","type-post","status-publish","format-standard","hentry","category-sfanta-liturghie"],"_links":{"self":[{"href":"https:\/\/parohia-ortodoxa-rostock.de\/ro\/wp-json\/wp\/v2\/posts\/1555","targetHints":{"allow":["GET"]}}],"collection":[{"href":"https:\/\/parohia-ortodoxa-rostock.de\/ro\/wp-json\/wp\/v2\/posts"}],"about":[{"href":"https:\/\/parohia-ortodoxa-rostock.de\/ro\/wp-json\/wp\/v2\/types\/post"}],"author":[{"embeddable":true,"href":"https:\/\/parohia-ortodoxa-rostock.de\/ro\/wp-json\/wp\/v2\/users\/1"}],"replies":[{"embeddable":true,"href":"https:\/\/parohia-ortodoxa-rostock.de\/ro\/wp-json\/wp\/v2\/comments?post=1555"}],"version-history":[{"count":1,"href":"https:\/\/parohia-ortodoxa-rostock.de\/ro\/wp-json\/wp\/v2\/posts\/1555\/revisions"}],"predecessor-version":[{"id":1557,"href":"https:\/\/parohia-ortodoxa-rostock.de\/ro\/wp-json\/wp\/v2\/posts\/1555\/revisions\/1557"}],"wp:attachment":[{"href":"https:\/\/parohia-ortodoxa-rostock.de\/ro\/wp-json\/wp\/v2\/media?parent=1555"}],"wp:term":[{"taxonomy":"category","embeddable":true,"href":"https:\/\/parohia-ortodoxa-rostock.de\/ro\/wp-json\/wp\/v2\/categories?post=1555"},{"taxonomy":"post_tag","embeddable":true,"href":"https:\/\/parohia-ortodoxa-rostock.de\/ro\/wp-json\/wp\/v2\/tags?post=1555"}],"curies":[{"name":"wp","href":"https:\/\/api.w.org\/{rel}","templated":true}]}}