{"id":994,"date":"2021-02-21T21:04:45","date_gmt":"2021-02-21T21:04:45","guid":{"rendered":"https:\/\/parohia-ortodoxa-greifswald.de\/?p=994"},"modified":"2021-03-08T09:32:31","modified_gmt":"2021-03-08T09:32:31","slug":"vamesul-si-fariseul","status":"publish","type":"post","link":"https:\/\/parohia-ortodoxa-rostock.de\/de\/2021\/02\/21\/vamesul-si-fariseul\/","title":{"rendered":"Pilda vame\u0219ului \u0219i a fariseului"},"content":{"rendered":"<figure class=\"wp-block-audio\"><audio controls src=\"https:\/\/parohia-ortodoxa-greifswald.de\/wp-content\/uploads\/2021\/02\/Vameul-si-fariseul-21.02.21.mp3\"><\/audio><figcaption><strong><em>Ev. Luca 18: 10-14<\/em><\/strong><\/figcaption><\/figure>\n\n\n\n<p class=\"has-drop-cap has-normal-font-size\"> Zis-a Domnul pilda aceasta: Doi oameni s-au suit la templu ca s\u0103 se roage: unul era fariseu \u0219i cel\u0103lalt vame\u0219. Fariseul, st\u00e2nd drept, a\u0219a se ruga \u00een sine: Dumnezeule, \u00ce\u021bi mul\u021bumesc c\u0103 nu sunt ca ceilal\u021bi oameni, r\u0103pitori, nedrep\u021bi, preadesfr\u00e2na\u021bi, sau ca \u0219i acest vame\u0219. Postesc de dou\u0103 ori pe s\u0103pt\u0103m\u00e2n\u0103, dau zeciuial\u0103 din toate c\u00e2te c\u00e2\u0219tig. Iar vame\u0219ul, departe st\u00e2nd, nu voia nici ochii s\u0103-\u0219i ridice c\u0103tre cer, ci-\u0219i b\u0103tea pieptul, zic\u00e2nd: Dumnezeule, milostiv fii mie, p\u0103c\u0103tosului! Zic vou\u0103 c\u0103 acesta s-a cobor\u00e2t mai \u00eendreptat la casa sa dec\u00e2t acela. Fiindc\u0103 oricine se \u00eenal\u021b\u0103 pe sine se va smeri, iar cel ce se smere\u0219te pe sine se va \u00een\u0103l\u021ba.<\/p>\n\n\n\n<p class=\"has-small-font-size\">Sursa text \u0219i imagine: doxologia.ro;<\/p>","protected":false},"excerpt":{"rendered":"<p>Zis-a Domnul pilda aceasta: Doi oameni s-au suit la templu ca s\u0103 se roage: unul era fariseu \u0219i cel\u0103lalt vame\u0219. Fariseul, st\u00e2nd drept, a\u0219a se ruga \u00een sine: Dumnezeule, \u00ce\u021bi [&hellip;]<\/p>\n","protected":false},"author":1,"featured_media":1064,"comment_status":"closed","ping_status":"open","sticky":false,"template":"","format":"standard","meta":{"h5ap_radio_sources":[],"footnotes":""},"categories":[13],"tags":[],"class_list":["post-994","post","type-post","status-publish","format-standard","has-post-thumbnail","hentry","category-sfanta-liturghie"],"_links":{"self":[{"href":"https:\/\/parohia-ortodoxa-rostock.de\/de\/wp-json\/wp\/v2\/posts\/994","targetHints":{"allow":["GET"]}}],"collection":[{"href":"https:\/\/parohia-ortodoxa-rostock.de\/de\/wp-json\/wp\/v2\/posts"}],"about":[{"href":"https:\/\/parohia-ortodoxa-rostock.de\/de\/wp-json\/wp\/v2\/types\/post"}],"author":[{"embeddable":true,"href":"https:\/\/parohia-ortodoxa-rostock.de\/de\/wp-json\/wp\/v2\/users\/1"}],"replies":[{"embeddable":true,"href":"https:\/\/parohia-ortodoxa-rostock.de\/de\/wp-json\/wp\/v2\/comments?post=994"}],"version-history":[{"count":8,"href":"https:\/\/parohia-ortodoxa-rostock.de\/de\/wp-json\/wp\/v2\/posts\/994\/revisions"}],"predecessor-version":[{"id":1066,"href":"https:\/\/parohia-ortodoxa-rostock.de\/de\/wp-json\/wp\/v2\/posts\/994\/revisions\/1066"}],"wp:featuredmedia":[{"embeddable":true,"href":"https:\/\/parohia-ortodoxa-rostock.de\/de\/wp-json\/wp\/v2\/media\/1064"}],"wp:attachment":[{"href":"https:\/\/parohia-ortodoxa-rostock.de\/de\/wp-json\/wp\/v2\/media?parent=994"}],"wp:term":[{"taxonomy":"category","embeddable":true,"href":"https:\/\/parohia-ortodoxa-rostock.de\/de\/wp-json\/wp\/v2\/categories?post=994"},{"taxonomy":"post_tag","embeddable":true,"href":"https:\/\/parohia-ortodoxa-rostock.de\/de\/wp-json\/wp\/v2\/tags?post=994"}],"curies":[{"name":"wp","href":"https:\/\/api.w.org\/{rel}","templated":true}]}}