{"id":594,"date":"2020-10-04T19:54:20","date_gmt":"2020-10-04T19:54:20","guid":{"rendered":"https:\/\/parohia-ortodoxa-greifswald.de\/?p=594"},"modified":"2020-11-12T16:42:12","modified_gmt":"2020-11-12T16:42:12","slug":"iubirea-vrajmasilor","status":"publish","type":"post","link":"https:\/\/parohia-ortodoxa-rostock.de\/de\/2020\/10\/04\/iubirea-vrajmasilor\/","title":{"rendered":"Iubirea vr\u0103jma\u0219ilor"},"content":{"rendered":"<figure class=\"wp-block-audio\"><audio controls src=\"https:\/\/parohia-ortodoxa-greifswald.de\/wp-content\/uploads\/2020\/10\/Iubirea-vr\u0103jma\u0219ilor-04.10.2020.mp3\"><\/audio><\/figure>\n\n\n\n<p>Sf\u00e2nta Evanghelie dup\u0103 <strong>Luca 6:31-36<\/strong>:<\/p>\n\n\n\n<p class=\"has-drop-cap\">Zis-a Domnul: Precum voi\u0163i s\u0103 v\u0103 fac\u0103 vou\u0103 oamenii, face\u0163i-le \u015fi voi asemenea. \u015ei, dac\u0103 iubi\u0163i pe cei ce v\u0103 iubesc, ce r\u0103splat\u0103 pute\u0163i avea? C\u0103 \u015fi p\u0103c\u0103to\u015fii iubesc pe cei ce \u00eei iubesc pe ei; \u015fi, dac\u0103 face\u0163i bine celor ce v\u0103 fac vou\u0103 bine, ce mul\u0163umire pute\u0163i avea? C\u0103 \u015fi p\u0103c\u0103to\u015fii fac acela\u015fi lucru; iar dac\u0103 da\u0163i \u00eemprumut celor de la care n\u0103d\u0103jdui\u0163i s\u0103 lua\u0163i \u00eenapoi, ce mul\u0163umire pute\u0163i avea? C\u0103 \u015fi p\u0103c\u0103to\u015fii dau cu \u00eemprumut p\u0103c\u0103to\u015filor, ca s\u0103 primeasc\u0103 \u00eenapoi \u00eentocmai. \u00cens\u0103 voi iubi\u0163i-i pe vr\u0103jma\u015fii vo\u015ftri \u015fi face\u0163i-le bine \u015fi da\u0163i cu \u00eemprumut f\u0103r\u0103 s\u0103 n\u0103d\u0103jdui\u0163i nimic \u00een schimb, iar r\u0103splata voastr\u0103 va fi mult\u0103 \u015fi ve\u0163i fi fiii Celui Prea\u00eenalt, c\u0103 El este bun cu cei nemul\u0163umitori \u015fi r\u0103i. Fi\u0163i milostivi, precum \u015fi Tat\u0103l vostru milostiv este.<\/p>\n\n\n\n<p class=\"has-small-font-size\">sursa text \u015fi imagine: doxologia.ro<\/p>","protected":false},"excerpt":{"rendered":"<p>Sf\u00e2nta Evanghelie dup\u0103 Luca 6:31-36: Zis-a Domnul: Precum voi\u0163i s\u0103 v\u0103 fac\u0103 vou\u0103 oamenii, face\u0163i-le \u015fi voi asemenea. \u015ei, dac\u0103 iubi\u0163i pe cei ce v\u0103 iubesc, ce r\u0103splat\u0103 pute\u0163i avea? [&hellip;]<\/p>\n","protected":false},"author":1,"featured_media":686,"comment_status":"closed","ping_status":"open","sticky":false,"template":"","format":"standard","meta":{"h5ap_radio_sources":[],"footnotes":""},"categories":[13],"tags":[22,21],"class_list":["post-594","post","type-post","status-publish","format-standard","has-post-thumbnail","hentry","category-sfanta-liturghie","tag-iubirea-vrajmasilor","tag-predica-de-pe-munte"],"_links":{"self":[{"href":"https:\/\/parohia-ortodoxa-rostock.de\/de\/wp-json\/wp\/v2\/posts\/594","targetHints":{"allow":["GET"]}}],"collection":[{"href":"https:\/\/parohia-ortodoxa-rostock.de\/de\/wp-json\/wp\/v2\/posts"}],"about":[{"href":"https:\/\/parohia-ortodoxa-rostock.de\/de\/wp-json\/wp\/v2\/types\/post"}],"author":[{"embeddable":true,"href":"https:\/\/parohia-ortodoxa-rostock.de\/de\/wp-json\/wp\/v2\/users\/1"}],"replies":[{"embeddable":true,"href":"https:\/\/parohia-ortodoxa-rostock.de\/de\/wp-json\/wp\/v2\/comments?post=594"}],"version-history":[{"count":3,"href":"https:\/\/parohia-ortodoxa-rostock.de\/de\/wp-json\/wp\/v2\/posts\/594\/revisions"}],"predecessor-version":[{"id":647,"href":"https:\/\/parohia-ortodoxa-rostock.de\/de\/wp-json\/wp\/v2\/posts\/594\/revisions\/647"}],"wp:featuredmedia":[{"embeddable":true,"href":"https:\/\/parohia-ortodoxa-rostock.de\/de\/wp-json\/wp\/v2\/media\/686"}],"wp:attachment":[{"href":"https:\/\/parohia-ortodoxa-rostock.de\/de\/wp-json\/wp\/v2\/media?parent=594"}],"wp:term":[{"taxonomy":"category","embeddable":true,"href":"https:\/\/parohia-ortodoxa-rostock.de\/de\/wp-json\/wp\/v2\/categories?post=594"},{"taxonomy":"post_tag","embeddable":true,"href":"https:\/\/parohia-ortodoxa-rostock.de\/de\/wp-json\/wp\/v2\/tags?post=594"}],"curies":[{"name":"wp","href":"https:\/\/api.w.org\/{rel}","templated":true}]}}