{"id":591,"date":"2020-09-27T19:39:18","date_gmt":"2020-09-27T19:39:18","guid":{"rendered":"https:\/\/parohia-ortodoxa-greifswald.de\/?p=591"},"modified":"2020-11-12T15:01:13","modified_gmt":"2020-11-12T15:01:13","slug":"pescuirea-minunata","status":"publish","type":"post","link":"https:\/\/parohia-ortodoxa-rostock.de\/de\/2020\/09\/27\/pescuirea-minunata\/","title":{"rendered":"Pescuirea minunat\u0103"},"content":{"rendered":"<figure class=\"wp-block-audio\"><audio controls src=\"https:\/\/parohia-ortodoxa-greifswald.de\/wp-content\/uploads\/2020\/10\/Pescuirea-minunata-27.09.20.mp3\"><\/audio><\/figure>\n\n\n\n<p>Sf\u00e2nta Evanghelie de la <strong>Luca 5:1-11<\/strong>:<\/p>\n\n\n\n<p class=\"has-drop-cap\">\u00cen vremea aceea Iisus \u015fedea l\u00e2ng\u0103 lacul Ghenizaret \u015fi a v\u0103zut dou\u0103 cor\u0103bii oprite l\u00e2ng\u0103 \u0163\u0103rm, iar pescarii, cobor\u00e2nd din ele, sp\u0103lau mrejele. Atunci El, urc\u00e2ndu-Se \u00eentr-una din cor\u0103bii, care era a lui Simon, l-a rugat s-o dep\u0103rteze pu\u0163in de la uscat \u015fi, \u015fez\u00e2nd \u00een corabie, \u00eenv\u0103\u0163a din ea mul\u0163imile. Iar c\u00e2nd a \u00eencetat s\u0103 vorbeasc\u0103, i-a zis lui Simon: \u00cendep\u0103rteaz-o la ad\u00e2nc \u015fi l\u0103sa\u0163i \u00een jos mrejele voastre ca s\u0103 pescui\u0163i. \u015ei, r\u0103spunz\u00e2nd, Simon a zis: \u00cenv\u0103\u0163\u0103torule, toat\u0103 noaptea ne-am trudit \u015fi nimic n-am prins, dar, dup\u0103 cuv\u00e2ntul T\u0103u, voi arunca mrejele. \u015ei, f\u0103c\u00e2nd ei aceasta, au prins mul\u0163ime mare de pe\u015fte, \u00eenc\u00e2t li se rupeau mrejele. De aceea, au f\u0103cut semn celor care erau \u00een cealalt\u0103 corabie s\u0103 vin\u0103 s\u0103-i ajute. \u015ei au venit \u015fi au umplut am\u00e2ndou\u0103 cor\u0103biile, \u00eenc\u00e2t erau gata s\u0103 se scufunde. Iar Simon-Petru, v\u0103z\u00e2nd aceasta, a c\u0103zut \u00een genunchi, \u00eenaintea lui Iisus, zic\u00e2nd: Ie\u015fi de la mine, Doamne, c\u0103 sunt om p\u0103c\u0103tos! C\u0103ci spaim\u0103 \u00eei cuprinsese, pe el \u015fi pe to\u0163i cei ce erau cu el, pentru pescuirea at\u00e2tor pe\u015fti. Tot a\u015fa \u015fi pe Iacov \u015fi pe Ioan, fiii lui Zevedeu, care erau \u00eempreun\u0103 cu Simon. \u015ei a zis Iisus c\u0103tre Simon: Nu te teme; de acum \u00eenainte vei fi pescar de oameni. \u015ei, tr\u0103g\u00e2nd cor\u0103biile la \u0163\u0103rm, au l\u0103sat totul \u015fi au mers dup\u0103 El.<\/p>\n\n\n\n<p class=\"has-small-font-size\">sursa text: doxologia.ro; sursa imagine: ziarullumina.ro<\/p>","protected":false},"excerpt":{"rendered":"<p>Sf\u00e2nta Evanghelie de la Luca 5:1-11: \u00cen vremea aceea Iisus \u015fedea l\u00e2ng\u0103 lacul Ghenizaret \u015fi a v\u0103zut dou\u0103 cor\u0103bii oprite l\u00e2ng\u0103 \u0163\u0103rm, iar pescarii, cobor\u00e2nd din ele, sp\u0103lau mrejele. Atunci [&hellip;]<\/p>\n","protected":false},"author":1,"featured_media":599,"comment_status":"closed","ping_status":"open","sticky":false,"template":"","format":"standard","meta":{"h5ap_radio_sources":[],"footnotes":""},"categories":[13],"tags":[20],"class_list":["post-591","post","type-post","status-publish","format-standard","has-post-thumbnail","hentry","category-sfanta-liturghie","tag-pescuirea-minunata"],"_links":{"self":[{"href":"https:\/\/parohia-ortodoxa-rostock.de\/de\/wp-json\/wp\/v2\/posts\/591","targetHints":{"allow":["GET"]}}],"collection":[{"href":"https:\/\/parohia-ortodoxa-rostock.de\/de\/wp-json\/wp\/v2\/posts"}],"about":[{"href":"https:\/\/parohia-ortodoxa-rostock.de\/de\/wp-json\/wp\/v2\/types\/post"}],"author":[{"embeddable":true,"href":"https:\/\/parohia-ortodoxa-rostock.de\/de\/wp-json\/wp\/v2\/users\/1"}],"replies":[{"embeddable":true,"href":"https:\/\/parohia-ortodoxa-rostock.de\/de\/wp-json\/wp\/v2\/comments?post=591"}],"version-history":[{"count":3,"href":"https:\/\/parohia-ortodoxa-rostock.de\/de\/wp-json\/wp\/v2\/posts\/591\/revisions"}],"predecessor-version":[{"id":648,"href":"https:\/\/parohia-ortodoxa-rostock.de\/de\/wp-json\/wp\/v2\/posts\/591\/revisions\/648"}],"wp:featuredmedia":[{"embeddable":true,"href":"https:\/\/parohia-ortodoxa-rostock.de\/de\/wp-json\/wp\/v2\/media\/599"}],"wp:attachment":[{"href":"https:\/\/parohia-ortodoxa-rostock.de\/de\/wp-json\/wp\/v2\/media?parent=591"}],"wp:term":[{"taxonomy":"category","embeddable":true,"href":"https:\/\/parohia-ortodoxa-rostock.de\/de\/wp-json\/wp\/v2\/categories?post=591"},{"taxonomy":"post_tag","embeddable":true,"href":"https:\/\/parohia-ortodoxa-rostock.de\/de\/wp-json\/wp\/v2\/tags?post=591"}],"curies":[{"name":"wp","href":"https:\/\/api.w.org\/{rel}","templated":true}]}}