{"id":583,"date":"2020-09-20T19:24:28","date_gmt":"2020-09-20T19:24:28","guid":{"rendered":"https:\/\/parohia-ortodoxa-greifswald.de\/?p=583"},"modified":"2020-11-12T16:45:49","modified_gmt":"2020-11-12T16:45:49","slug":"luarea-crucii-si-urmarea-lui-hristos","status":"publish","type":"post","link":"https:\/\/parohia-ortodoxa-rostock.de\/de\/2020\/09\/20\/luarea-crucii-si-urmarea-lui-hristos\/","title":{"rendered":"Luarea Crucii \u0219i urmarea Lui Hristos"},"content":{"rendered":"<figure class=\"wp-block-audio\"><audio controls src=\"https:\/\/parohia-ortodoxa-greifswald.de\/wp-content\/uploads\/2020\/10\/Luarea-Crucii-si-urmarea-lui-Hristos-20.09.2020.mp3\"><\/audio><\/figure>\n\n\n\n<p>Sf\u00e2nta Evanghelie de la <strong>Marcu 8:34-38, 9:1<\/strong>: <\/p>\n\n\n\n<p class=\"has-drop-cap\">Zis-a Domnul: Oricine voie\u015fte s\u0103 vin\u0103 dup\u0103 Mine, s\u0103 se lepede de sine, s\u0103-\u015fi ia crucea \u015fi s\u0103-Mi urmeze Mie. C\u0103ci cine va voi s\u0103-\u015fi scape via\u0163a \u015fi-o va pierde, iar cine \u00ee\u015fi va pierde via\u0163a sa pentru Mine \u015fi pentru Evanghelie, acela \u015fi-o va m\u00e2ntui. C\u0103ci ce-i folose\u015fte omului s\u0103 c\u00e2\u015ftige lumea \u00eentreag\u0103, dac\u0103-\u015fi pierde sufletul? Sau ce ar putea s\u0103 dea omul \u00een schimb pentru sufletul s\u0103u? C\u0103ci de cel ce se va ru\u015fina de Mine \u015fi de cuvintele Mele \u00een neamul acesta desfr\u00e2nat \u015fi p\u0103c\u0103tos, \u015fi Fiul Omului Se va ru\u015fina de el c\u00e2nd va veni \u00eentru slava Tat\u0103lui S\u0103u, cu sfin\u0163ii \u00eengeri. \u015ei le zicea lor: Adev\u0103rat gr\u0103iesc vou\u0103 c\u0103 sunt unii din cei ce stau aici care nu vor gusta moartea p\u00e2n\u0103 ce nu vor vedea \u00cemp\u0103r\u0103\u0163ia lui Dumnezeu venind \u00eentru putere.<\/p>\n\n\n\n<p class=\"has-small-font-size\">sursa text \u015fi imagine: doxologia.ro<\/p>","protected":false},"excerpt":{"rendered":"<p>Sf\u00e2nta Evanghelie de la Marcu 8:34-38, 9:1: Zis-a Domnul: Oricine voie\u015fte s\u0103 vin\u0103 dup\u0103 Mine, s\u0103 se lepede de sine, s\u0103-\u015fi ia crucea \u015fi s\u0103-Mi urmeze Mie. C\u0103ci cine va [&hellip;]<\/p>\n","protected":false},"author":1,"featured_media":688,"comment_status":"closed","ping_status":"open","sticky":false,"template":"","format":"standard","meta":{"h5ap_radio_sources":[],"footnotes":""},"categories":[13],"tags":[19],"class_list":["post-583","post","type-post","status-publish","format-standard","has-post-thumbnail","hentry","category-sfanta-liturghie","tag-sfanta-cruce"],"_links":{"self":[{"href":"https:\/\/parohia-ortodoxa-rostock.de\/de\/wp-json\/wp\/v2\/posts\/583","targetHints":{"allow":["GET"]}}],"collection":[{"href":"https:\/\/parohia-ortodoxa-rostock.de\/de\/wp-json\/wp\/v2\/posts"}],"about":[{"href":"https:\/\/parohia-ortodoxa-rostock.de\/de\/wp-json\/wp\/v2\/types\/post"}],"author":[{"embeddable":true,"href":"https:\/\/parohia-ortodoxa-rostock.de\/de\/wp-json\/wp\/v2\/users\/1"}],"replies":[{"embeddable":true,"href":"https:\/\/parohia-ortodoxa-rostock.de\/de\/wp-json\/wp\/v2\/comments?post=583"}],"version-history":[{"count":6,"href":"https:\/\/parohia-ortodoxa-rostock.de\/de\/wp-json\/wp\/v2\/posts\/583\/revisions"}],"predecessor-version":[{"id":650,"href":"https:\/\/parohia-ortodoxa-rostock.de\/de\/wp-json\/wp\/v2\/posts\/583\/revisions\/650"}],"wp:featuredmedia":[{"embeddable":true,"href":"https:\/\/parohia-ortodoxa-rostock.de\/de\/wp-json\/wp\/v2\/media\/688"}],"wp:attachment":[{"href":"https:\/\/parohia-ortodoxa-rostock.de\/de\/wp-json\/wp\/v2\/media?parent=583"}],"wp:term":[{"taxonomy":"category","embeddable":true,"href":"https:\/\/parohia-ortodoxa-rostock.de\/de\/wp-json\/wp\/v2\/categories?post=583"},{"taxonomy":"post_tag","embeddable":true,"href":"https:\/\/parohia-ortodoxa-rostock.de\/de\/wp-json\/wp\/v2\/tags?post=583"}],"curies":[{"name":"wp","href":"https:\/\/api.w.org\/{rel}","templated":true}]}}