{"id":574,"date":"2020-09-13T14:57:06","date_gmt":"2020-09-13T14:57:06","guid":{"rendered":"https:\/\/parohia-ortodoxa-greifswald.de\/?p=574"},"modified":"2020-11-12T15:02:21","modified_gmt":"2020-11-12T15:02:21","slug":"duminica-inaintea-inaltarii-sfintei-cruci-13-septembrie-2010","status":"publish","type":"post","link":"https:\/\/parohia-ortodoxa-rostock.de\/de\/2020\/09\/13\/duminica-inaintea-inaltarii-sfintei-cruci-13-septembrie-2010\/","title":{"rendered":"Duminica dinaintea \u00cen\u0103l\u021b\u0103rii Sfintei Cruci"},"content":{"rendered":"<figure class=\"wp-block-audio\"><audio controls src=\"https:\/\/parohia-ortodoxa-greifswald.de\/wp-content\/uploads\/2020\/10\/Duminica-inaintea-Inaltarii-Sf.-Cruci-dupa-hram.mp3\"><\/audio><\/figure>\n\n\n\n<p>Sf\u00e2nta Evanghelie de la <strong>Ioan 3: 13-17<\/strong><\/p>\n\n\n\n<p class=\"has-drop-cap\">Zis-a Domnul: Nimeni nu s-a suit la Cer dec\u00e2t Cel ce S-a cobor\u00e2t din Cer, Fiul Omului, Care este \u00een Cer. \u015ei, dup\u0103 cum Moise a \u00een\u0103l\u0163at \u015farpele \u00een pustie, a\u015fa trebuie s\u0103 Se \u00eenal\u0163e Fiul Omului, ca tot cel ce crede \u00een El s\u0103 nu piar\u0103, ci s\u0103 aib\u0103 via\u0163\u0103 ve\u015fnic\u0103. Pentru c\u0103 Dumnezeu a\u015fa a iubit lumea, \u00eenc\u00e2t pe Fiul S\u0103u Cel Unul-N\u0103scut L-a dat, ca oricine crede \u00een El s\u0103 nu piar\u0103, ci s\u0103 aib\u0103 via\u0163\u0103 ve\u015fnic\u0103. Fiindc\u0103 n-a trimis Dumnezeu pe Fiul S\u0103u \u00een lume ca s\u0103 judece lumea, ci ca s\u0103 se m\u00e2ntuiasc\u0103 prin El lumea.<\/p>\n\n\n\n<p class=\"has-small-font-size\">sursa text \u015fi imagine: doxologia.ro; <\/p>","protected":false},"excerpt":{"rendered":"<p>Sf\u00e2nta Evanghelie de la Ioan 3: 13-17 Zis-a Domnul: Nimeni nu s-a suit la Cer dec\u00e2t Cel ce S-a cobor\u00e2t din Cer, Fiul Omului, Care este \u00een Cer. \u015ei, dup\u0103 [&hellip;]<\/p>\n","protected":false},"author":1,"featured_media":575,"comment_status":"closed","ping_status":"open","sticky":false,"template":"","format":"standard","meta":{"h5ap_radio_sources":[],"footnotes":""},"categories":[13],"tags":[19],"class_list":["post-574","post","type-post","status-publish","format-standard","has-post-thumbnail","hentry","category-sfanta-liturghie","tag-sfanta-cruce"],"_links":{"self":[{"href":"https:\/\/parohia-ortodoxa-rostock.de\/de\/wp-json\/wp\/v2\/posts\/574","targetHints":{"allow":["GET"]}}],"collection":[{"href":"https:\/\/parohia-ortodoxa-rostock.de\/de\/wp-json\/wp\/v2\/posts"}],"about":[{"href":"https:\/\/parohia-ortodoxa-rostock.de\/de\/wp-json\/wp\/v2\/types\/post"}],"author":[{"embeddable":true,"href":"https:\/\/parohia-ortodoxa-rostock.de\/de\/wp-json\/wp\/v2\/users\/1"}],"replies":[{"embeddable":true,"href":"https:\/\/parohia-ortodoxa-rostock.de\/de\/wp-json\/wp\/v2\/comments?post=574"}],"version-history":[{"count":8,"href":"https:\/\/parohia-ortodoxa-rostock.de\/de\/wp-json\/wp\/v2\/posts\/574\/revisions"}],"predecessor-version":[{"id":651,"href":"https:\/\/parohia-ortodoxa-rostock.de\/de\/wp-json\/wp\/v2\/posts\/574\/revisions\/651"}],"wp:featuredmedia":[{"embeddable":true,"href":"https:\/\/parohia-ortodoxa-rostock.de\/de\/wp-json\/wp\/v2\/media\/575"}],"wp:attachment":[{"href":"https:\/\/parohia-ortodoxa-rostock.de\/de\/wp-json\/wp\/v2\/media?parent=574"}],"wp:term":[{"taxonomy":"category","embeddable":true,"href":"https:\/\/parohia-ortodoxa-rostock.de\/de\/wp-json\/wp\/v2\/categories?post=574"},{"taxonomy":"post_tag","embeddable":true,"href":"https:\/\/parohia-ortodoxa-rostock.de\/de\/wp-json\/wp\/v2\/tags?post=574"}],"curies":[{"name":"wp","href":"https:\/\/api.w.org\/{rel}","templated":true}]}}