{"id":569,"date":"2020-06-21T14:15:33","date_gmt":"2020-06-21T14:15:33","guid":{"rendered":"https:\/\/parohia-ortodoxa-greifswald.de\/?p=569"},"modified":"2020-11-12T15:02:41","modified_gmt":"2020-11-12T15:02:41","slug":"cuvant-de-invatatura-la-chemarea-sfintilor-apostolilor-21-iunie-2020","status":"publish","type":"post","link":"https:\/\/parohia-ortodoxa-rostock.de\/de\/2020\/06\/21\/cuvant-de-invatatura-la-chemarea-sfintilor-apostolilor-21-iunie-2020\/","title":{"rendered":"Chemarea Sfin\u021bilor Apostolilor"},"content":{"rendered":"<figure class=\"wp-block-audio\"><audio controls src=\"https:\/\/parohia-ortodoxa-greifswald.de\/wp-content\/uploads\/2020\/10\/Chemarea-primilor-Apostoli-21.06.2020.mp3\"><\/audio><\/figure>\n\n\n\n<p>Sf\u00e2nta Evanghelie de la <strong>Matei 4: 18-23<\/strong>:<\/p>\n\n\n\n<p class=\"has-drop-cap\">\u00cen vremea aceea, pe c\u00e2nd Iisus umbla pe l\u00e2ng\u0103 Marea Galileii, a v\u0103zut pe doi fra\u0163i: pe Simon ce se nume\u0219te Petru \u015fi pe Andrei, fratele lui, care aruncau mreaja \u00een mare, c\u0103ci erau pescari; \u015fi le-a zis: Veni\u0163i dup\u0103 Mine \u015fi v\u0103 voi face pescari de oameni. Iar ei, \u00eendat\u0103 l\u0103s\u00e2nd mrejele, au mers dup\u0103 El. \u0218i, de acolo merg\u00e2nd mai departe, a v\u0103zut pe al\u0163i doi fra\u0163i: pe Iacov al lui Zevedeu \u015fi pe Ioan, fratele lui, \u00een corabie cu Zevedeu, tat\u0103l lor, dreg\u00e2ndu-\u015fi mrejele, \u015fi i-a chemat. Iar ei, \u00eendat\u0103 l\u0103s\u00e2nd corabia \u015fi pe tat\u0103l lor, au mers dup\u0103 El. \u015ei a str\u0103b\u0103tut Iisus toat\u0103 Galileea, \u00eenv\u0103\u0163\u00e2nd \u00een sinagogile lor \u015fi propov\u0103duind Evanghelia \u00cemp\u0103r\u0103\u0163iei \u015fi t\u0103m\u0103duind toat\u0103 boala \u015fi toat\u0103 neputin\u0163a \u00een popor.<\/p>\n\n\n\n<p class=\"has-small-font-size\">sursa text: doxologia.ro; sursa imagine: https:\/\/unsufletortodox.wordpress.com\/<\/p>","protected":false},"excerpt":{"rendered":"<p>Sf\u00e2nta Evanghelie de la Matei 4: 18-23: \u00cen vremea aceea, pe c\u00e2nd Iisus umbla pe l\u00e2ng\u0103 Marea Galileii, a v\u0103zut pe doi fra\u0163i: pe Simon ce se nume\u0219te Petru \u015fi [&hellip;]<\/p>\n","protected":false},"author":1,"featured_media":570,"comment_status":"closed","ping_status":"open","sticky":false,"template":"","format":"standard","meta":{"h5ap_radio_sources":[],"footnotes":""},"categories":[13],"tags":[18],"class_list":["post-569","post","type-post","status-publish","format-standard","has-post-thumbnail","hentry","category-sfanta-liturghie","tag-chemarea-apostolilor"],"_links":{"self":[{"href":"https:\/\/parohia-ortodoxa-rostock.de\/de\/wp-json\/wp\/v2\/posts\/569","targetHints":{"allow":["GET"]}}],"collection":[{"href":"https:\/\/parohia-ortodoxa-rostock.de\/de\/wp-json\/wp\/v2\/posts"}],"about":[{"href":"https:\/\/parohia-ortodoxa-rostock.de\/de\/wp-json\/wp\/v2\/types\/post"}],"author":[{"embeddable":true,"href":"https:\/\/parohia-ortodoxa-rostock.de\/de\/wp-json\/wp\/v2\/users\/1"}],"replies":[{"embeddable":true,"href":"https:\/\/parohia-ortodoxa-rostock.de\/de\/wp-json\/wp\/v2\/comments?post=569"}],"version-history":[{"count":8,"href":"https:\/\/parohia-ortodoxa-rostock.de\/de\/wp-json\/wp\/v2\/posts\/569\/revisions"}],"predecessor-version":[{"id":652,"href":"https:\/\/parohia-ortodoxa-rostock.de\/de\/wp-json\/wp\/v2\/posts\/569\/revisions\/652"}],"wp:featuredmedia":[{"embeddable":true,"href":"https:\/\/parohia-ortodoxa-rostock.de\/de\/wp-json\/wp\/v2\/media\/570"}],"wp:attachment":[{"href":"https:\/\/parohia-ortodoxa-rostock.de\/de\/wp-json\/wp\/v2\/media?parent=569"}],"wp:term":[{"taxonomy":"category","embeddable":true,"href":"https:\/\/parohia-ortodoxa-rostock.de\/de\/wp-json\/wp\/v2\/categories?post=569"},{"taxonomy":"post_tag","embeddable":true,"href":"https:\/\/parohia-ortodoxa-rostock.de\/de\/wp-json\/wp\/v2\/tags?post=569"}],"curies":[{"name":"wp","href":"https:\/\/api.w.org\/{rel}","templated":true}]}}