{"id":562,"date":"2020-05-03T13:25:05","date_gmt":"2020-05-03T13:25:05","guid":{"rendered":"https:\/\/parohia-ortodoxa-greifswald.de\/?p=562"},"modified":"2020-11-12T15:03:07","modified_gmt":"2020-11-12T15:03:07","slug":"cuvant-de-invatatura-la-duminica-femeilor-mironosite-3-mai-2020","status":"publish","type":"post","link":"https:\/\/parohia-ortodoxa-rostock.de\/de\/2020\/05\/03\/cuvant-de-invatatura-la-duminica-femeilor-mironosite-3-mai-2020\/","title":{"rendered":"Duminica Femeilor Mironosi\u021be"},"content":{"rendered":"<figure class=\"wp-block-audio\"><audio controls src=\"https:\/\/parohia-ortodoxa-greifswald.de\/wp-content\/uploads\/2020\/10\/Femeile-mironisite-03.05.2020.mp3\"><\/audio><\/figure>\n\n\n\n<p>Sf\u00e2nta Evanghelie de la <strong>Marcu 15: 43-47, 16: 1-8<\/strong>: <\/p>\n\n\n\n<p class=\"has-drop-cap\">\u00cen vremea aceea, venind Iosif cel din Arimateea, sfetnic ales, care a\u015ftepta \u015fi el \u00cemp\u0103r\u0103\u0163ia lui Dumnezeu, \u015fi \u00eendr\u0103znind, a intrat la Pilat \u015fi a cerut trupul lui Iisus. Iar Pilat s-a mirat c\u0103 a \u015fi murit \u015fi, chem\u00e2nd pe suta\u015f, l-a \u00eentrebat dac\u0103 a murit de mult. \u015ei afl\u00e2nd de la suta\u015f, a d\u0103ruit lui Iosif trupul. \u015ei Iosif, cump\u0103r\u00e2nd giulgiu \u015fi cobor\u00e2ndu-L de pe cruce, L-a \u00eenf\u0103\u015furat \u00een giulgiu \u015fi L-a pus \u00eentr-un morm\u00e2nt care era s\u0103pat \u00een st\u00e2nc\u0103 \u015fi a pr\u0103v\u0103lit o piatr\u0103 la u\u015fa morm\u00e2ntului. Iar Maria Magdalena \u015fi Maria, mama lui Iosi, priveau unde L-au pus. \u015ei dup\u0103 ce a trecut ziua s\u00e2mbetei, Maria Magdalena, Maria, mama lui Iacov, \u015fi Salomeea au cump\u0103rat miresme, ca s\u0103 vin\u0103 s\u0103-L ung\u0103. \u015ei dis-de-diminea\u0163\u0103, \u00een prima zi a s\u0103pt\u0103m\u00e2nii (Duminic\u0103), pe c\u00e2nd r\u0103s\u0103rea soarele, au venit la morm\u00e2nt. \u015ei ziceau \u00eentre ele: Cine ne va pr\u0103v\u0103li nou\u0103 piatra de la u\u015fa morm\u00e2ntului? Dar ridic\u00e2ndu-\u015fi ochii, au v\u0103zut c\u0103 piatra fusese r\u0103sturnat\u0103; c\u0103ci era foarte mare. \u015ei intr\u00e2nd \u00een morm\u00e2nt, au v\u0103zut un t\u00e2n\u0103r \u015fez\u00e2nd \u00een partea dreapt\u0103, \u00eembr\u0103cat \u00een ve\u015fm\u00e2nt alb, \u015fi s-au sp\u0103im\u00e2ntat. Iar el le-a zis: Nu v\u0103 \u00eensp\u0103im\u00e2nta\u0163i! C\u0103uta\u0163i pe Iisus Nazarineanul, Cel r\u0103stignit? A \u00eenviat! Nu este aici. Iat\u0103 locul unde L-au pus. Dar merge\u0163i \u015fi spune\u0163i ucenicilor Lui \u015fi lui Petru c\u0103 va merge \u00een Galileea mai \u00eenainte de voi; acolo \u00cel ve\u0163i vedea, dup\u0103 cum v-a spus. \u015ei ie\u015find, au fugit de la morm\u00e2nt, c\u0103 erau cuprinse de fric\u0103 \u015fi de uimire, \u015fi nim\u0103nui nimic n-au spus, c\u0103ci se temeau.<\/p>\n\n\n\n<p class=\"has-small-font-size\">sursa text: doxologia.ro; sursa imagine: http:\/\/www.parohia.org<\/p>","protected":false},"excerpt":{"rendered":"<p>Sf\u00e2nta Evanghelie de la Marcu 15: 43-47, 16: 1-8: \u00cen vremea aceea, venind Iosif cel din Arimateea, sfetnic ales, care a\u015ftepta \u015fi el \u00cemp\u0103r\u0103\u0163ia lui Dumnezeu, \u015fi \u00eendr\u0103znind, a intrat [&hellip;]<\/p>\n","protected":false},"author":1,"featured_media":567,"comment_status":"open","ping_status":"open","sticky":false,"template":"","format":"standard","meta":{"h5ap_radio_sources":[],"footnotes":""},"categories":[13],"tags":[14,17],"class_list":["post-562","post","type-post","status-publish","format-standard","has-post-thumbnail","hentry","category-sfanta-liturghie","tag-inviere","tag-mironosite"],"_links":{"self":[{"href":"https:\/\/parohia-ortodoxa-rostock.de\/de\/wp-json\/wp\/v2\/posts\/562","targetHints":{"allow":["GET"]}}],"collection":[{"href":"https:\/\/parohia-ortodoxa-rostock.de\/de\/wp-json\/wp\/v2\/posts"}],"about":[{"href":"https:\/\/parohia-ortodoxa-rostock.de\/de\/wp-json\/wp\/v2\/types\/post"}],"author":[{"embeddable":true,"href":"https:\/\/parohia-ortodoxa-rostock.de\/de\/wp-json\/wp\/v2\/users\/1"}],"replies":[{"embeddable":true,"href":"https:\/\/parohia-ortodoxa-rostock.de\/de\/wp-json\/wp\/v2\/comments?post=562"}],"version-history":[{"count":7,"href":"https:\/\/parohia-ortodoxa-rostock.de\/de\/wp-json\/wp\/v2\/posts\/562\/revisions"}],"predecessor-version":[{"id":653,"href":"https:\/\/parohia-ortodoxa-rostock.de\/de\/wp-json\/wp\/v2\/posts\/562\/revisions\/653"}],"wp:featuredmedia":[{"embeddable":true,"href":"https:\/\/parohia-ortodoxa-rostock.de\/de\/wp-json\/wp\/v2\/media\/567"}],"wp:attachment":[{"href":"https:\/\/parohia-ortodoxa-rostock.de\/de\/wp-json\/wp\/v2\/media?parent=562"}],"wp:term":[{"taxonomy":"category","embeddable":true,"href":"https:\/\/parohia-ortodoxa-rostock.de\/de\/wp-json\/wp\/v2\/categories?post=562"},{"taxonomy":"post_tag","embeddable":true,"href":"https:\/\/parohia-ortodoxa-rostock.de\/de\/wp-json\/wp\/v2\/tags?post=562"}],"curies":[{"name":"wp","href":"https:\/\/api.w.org\/{rel}","templated":true}]}}