{"id":1010,"date":"2021-02-28T22:04:25","date_gmt":"2021-02-28T22:04:25","guid":{"rendered":"https:\/\/parohia-ortodoxa-greifswald.de\/?p=1010"},"modified":"2021-03-08T09:51:37","modified_gmt":"2021-03-08T09:51:37","slug":"fiul-risipitor-28-02-21","status":"publish","type":"post","link":"https:\/\/parohia-ortodoxa-rostock.de\/de\/2021\/02\/28\/fiul-risipitor-28-02-21\/","title":{"rendered":"Fiul risipitor"},"content":{"rendered":"<figure class=\"wp-block-audio\"><audio controls src=\"https:\/\/parohia-ortodoxa-greifswald.de\/wp-content\/uploads\/2021\/03\/Fiul-risipitor-28.02.21.mp3\"><\/audio><figcaption><em><strong>Ev. Luca 15: 11-32<\/strong><\/em><\/figcaption><\/figure>\n\n\n\n<p class=\"has-drop-cap has-normal-font-size\">Zis-a Domnul pilda aceasta: Un om avea doi fii. \u0218i a zis cel mai t\u00e2n\u0103r dintre ei tat\u0103lui s\u0103u: Tat\u0103, d\u0103-mi partea ce mi se cuvine din avere. Atunci el le-a \u00eemp\u0103r\u021bit averea. Dar nu dup\u0103 multe zile, adun\u00e2nd toate, fiul cel mai t\u00e2n\u0103r s-a dus \u00eentr-o \u021bar\u0103 dep\u0103rtat\u0103 \u0219i acolo \u0219i-a risipit averea tr\u0103ind \u00een desfr\u00e2n\u0103ri. \u0218i, dup\u0103 ce a cheltuit totul, s-a f\u0103cut foamete mare \u00een \u021bara aceea \u0219i el a \u00eenceput s\u0103 duc\u0103 lips\u0103. \u0218i, duc\u00e2ndu-se, s-a alipit el de unul din locuitorii acelei \u021b\u0103ri \u0219i acesta l-a trimis la \u021barinile sale s\u0103 pasc\u0103 porcii. \u0218i dorea s\u0103-\u0219i sature p\u00e2ntecele din ro\u0219covele pe care le m\u00e2ncau porcii, \u00eens\u0103 nimeni nu-i d\u0103dea. Dar, venindu-\u0219i \u00een sine, a zis: C\u00e2\u021bi arga\u021bi ai tat\u0103lui meu sunt \u00eendestula\u021bi de p\u00e2ine, iar eu pier aici de foame! Scul\u00e2ndu-m\u0103, m\u0103 voi duce la tat\u0103l meu \u0219i-i voi spune: Tat\u0103, am gre\u0219it la cer \u0219i \u00eenaintea ta; nu mai sunt vrednic s\u0103 m\u0103 numesc fiul t\u0103u. F\u0103-m\u0103 ca pe unul din arga\u021bii t\u0103i. \u0218i, ridic\u00e2ndu-se, a venit la tat\u0103l s\u0103u. Dar, \u00eenc\u0103 departe fiind el, l-a v\u0103zut tat\u0103l s\u0103u \u0219i i s-a f\u0103cut mil\u0103 \u0219i, alerg\u00e2nd, a c\u0103zut pe grumazul lui \u0219i l-a s\u0103rutat. Atunci i-a zis fiul: Tat\u0103, am gre\u0219it la cer \u0219i \u00eenaintea ta \u0219i nu mai sunt vrednic s\u0103 m\u0103 numesc fiul t\u0103u. Iar tat\u0103l a zis c\u0103tre slugile sale: Aduce\u021bi degrab\u0103 haina lui cea dint\u00e2i \u0219i-l \u00eembr\u0103ca\u021bi \u0219i da\u021bi inel \u00een m\u00e2na lui \u0219i \u00eenc\u0103l\u021b\u0103minte \u00een picioarele lui; apoi, aduc\u00e2nd vi\u021belul cel \u00eengr\u0103\u0219at, \u00eenjunghia\u021bi-l ca, m\u00e2nc\u00e2nd, s\u0103 ne veselim, c\u0103ci acest fiu al meu mort era \u0219i a \u00eenviat, pierdut era \u0219i s-a aflat. \u0218i au \u00eenceput s\u0103 se veseleasc\u0103. Iar fiul cel mare era la \u021barin\u0103. C\u00e2nd a venit \u0219i s-a apropiat de cas\u0103, a auzit c\u00e2ntece \u0219i jocuri. Atunci, chem\u00e2nd la sine pe una dintre slugi, a \u00eentrebat ce \u00eenseamn\u0103 acestea. Iar ea i-a spus: Fratele t\u0103u a venit \u0219i tat\u0103l t\u0103u a \u00eenjunghiat vi\u021belul cel \u00eengr\u0103\u0219at, pentru c\u0103 l-a primit s\u0103n\u0103tos. \u0218i el s-a m\u00e2niat \u0219i nu voia s\u0103 intre; dar tat\u0103l lui, ie\u0219ind, \u00eel ruga. \u00cens\u0103 el, r\u0103spunz\u00e2nd, a zis tat\u0103lui s\u0103u: Iat\u0103, de at\u00e2\u021bia ani \u00ee\u021bi slujesc \u0219i niciodat\u0103 n-am c\u0103lcat porunca ta. \u0218i mie niciodat\u0103 nu mi-ai dat un ied, ca s\u0103 m\u0103 veselesc cu prietenii mei. Dar c\u00e2nd a venit acest fiu al t\u0103u, care \u021bi-a m\u00e2ncat averea cu desfr\u00e2natele, ai \u00eenjunghiat pentru el vi\u021belul cel \u00eengr\u0103\u0219at Tat\u0103l \u00eens\u0103 i-a zis: Fiule, tu totdeauna e\u0219ti cu mine \u0219i toate ale mele ale tale sunt. Trebuia \u00eens\u0103 s\u0103 ne veselim \u0219i s\u0103 ne bucur\u0103m, c\u0103ci fratele t\u0103u acesta mort era \u0219i a \u00eenviat pierdut era \u0219i s-a aflat.<\/p>\n\n\n\n<p class=\"has-small-font-size\">Sursa text: doxologia.ro; sursa imagine: iconreader.wordpress.com<\/p>","protected":false},"excerpt":{"rendered":"<p>Zis-a Domnul pilda aceasta: Un om avea doi fii. \u0218i a zis cel mai t\u00e2n\u0103r dintre ei tat\u0103lui s\u0103u: Tat\u0103, d\u0103-mi partea ce mi se cuvine din avere. Atunci el [&hellip;]<\/p>\n","protected":false},"author":1,"featured_media":1068,"comment_status":"closed","ping_status":"open","sticky":false,"template":"","format":"standard","meta":{"h5ap_radio_sources":[],"footnotes":""},"categories":[13],"tags":[],"class_list":["post-1010","post","type-post","status-publish","format-standard","has-post-thumbnail","hentry","category-sfanta-liturghie"],"_links":{"self":[{"href":"https:\/\/parohia-ortodoxa-rostock.de\/de\/wp-json\/wp\/v2\/posts\/1010","targetHints":{"allow":["GET"]}}],"collection":[{"href":"https:\/\/parohia-ortodoxa-rostock.de\/de\/wp-json\/wp\/v2\/posts"}],"about":[{"href":"https:\/\/parohia-ortodoxa-rostock.de\/de\/wp-json\/wp\/v2\/types\/post"}],"author":[{"embeddable":true,"href":"https:\/\/parohia-ortodoxa-rostock.de\/de\/wp-json\/wp\/v2\/users\/1"}],"replies":[{"embeddable":true,"href":"https:\/\/parohia-ortodoxa-rostock.de\/de\/wp-json\/wp\/v2\/comments?post=1010"}],"version-history":[{"count":7,"href":"https:\/\/parohia-ortodoxa-rostock.de\/de\/wp-json\/wp\/v2\/posts\/1010\/revisions"}],"predecessor-version":[{"id":1069,"href":"https:\/\/parohia-ortodoxa-rostock.de\/de\/wp-json\/wp\/v2\/posts\/1010\/revisions\/1069"}],"wp:featuredmedia":[{"embeddable":true,"href":"https:\/\/parohia-ortodoxa-rostock.de\/de\/wp-json\/wp\/v2\/media\/1068"}],"wp:attachment":[{"href":"https:\/\/parohia-ortodoxa-rostock.de\/de\/wp-json\/wp\/v2\/media?parent=1010"}],"wp:term":[{"taxonomy":"category","embeddable":true,"href":"https:\/\/parohia-ortodoxa-rostock.de\/de\/wp-json\/wp\/v2\/categories?post=1010"},{"taxonomy":"post_tag","embeddable":true,"href":"https:\/\/parohia-ortodoxa-rostock.de\/de\/wp-json\/wp\/v2\/tags?post=1010"}],"curies":[{"name":"wp","href":"https:\/\/api.w.org\/{rel}","templated":true}]}}